{"id":1003,"date":"2023-08-14T14:24:37","date_gmt":"2023-08-14T13:24:37","guid":{"rendered":"https:\/\/christianfini.ch\/?p=1003"},"modified":"2023-08-14T14:26:30","modified_gmt":"2023-08-14T13:26:30","slug":"ecco-la-lista-plr-per-unecologia-senza-ideologia-lea","status":"publish","type":"post","link":"https:\/\/christianfini.ch\/index.php\/2023\/08\/14\/ecco-la-lista-plr-per-unecologia-senza-ideologia-lea\/","title":{"rendered":"01.08.2023 &#8211; Ecco la lista PLR per un&#8217;ecologia senza ideologia &#8211; LEA"},"content":{"rendered":"<p><img loading=\"lazy\" decoding=\"async\" class=\"alignnone size-medium wp-image-1004\" src=\"https:\/\/christianfini.ch\/wp-content\/uploads\/2023\/08\/Foto-Lea-300x200.jpeg\" alt=\"\" width=\"300\" height=\"200\" srcset=\"https:\/\/christianfini.ch\/wp-content\/uploads\/2023\/08\/Foto-Lea-300x200.jpeg 300w, https:\/\/christianfini.ch\/wp-content\/uploads\/2023\/08\/Foto-Lea-768x512.jpeg 768w, https:\/\/christianfini.ch\/wp-content\/uploads\/2023\/08\/Foto-Lea.jpeg 960w\" sizes=\"auto, (max-width: 300px) 100vw, 300px\" \/><\/p>\n<p>&nbsp;<\/p>\n<div class=\"subtitle\">Oltra alla lista principale, il PLRT ha deciso di proporre una sotto-lista con candidati che pongono particolare attenzione sull&#8217;ambiente ed energia. Ecco chi sono.<\/div>\n<div><\/div>\n<div class=\"text\">\n<div class=\"row-comps\">\n<div class=\"paragraph comps\">\n<p>Si chiama lista LEA (libert\u00e0, energia, ambiente) ed \u00e8 una lista sotto-congiunta che &#8220;rafforza e supporta&#8221; quella principale del PLR in corsa per il Consiglio nazionale. \u00c8 stata presentata questa mattina dal partito ed \u00e8 composta da 8 rappresentanti &#8220;delle diverse sfaccettature della popolazione ticinese e che si occupano delle tematiche concernenti l\u2019ambiente e l\u2019energia nelle loro varie declinazioni, difendendo un approccio liberale e innovativo&#8221;. Saranno dunque in corsa per il Nazionale i seguenti candidati:<\/p>\n<\/div>\n<\/div>\n<div class=\"row-comps\">\n<div class=\"paragraph comps\">\n<p>\u2022 Carola Barchi, architetta membro Commissione concorsi SIA Ticino, gi\u00e0 candidata al Gran Consiglio;<\/p>\n<\/div>\n<\/div>\n<div class=\"row-comps\">\n<div class=\"paragraph comps\">\n<p>\u2022 Marion Eimann, avvocata, consigliere comunale, delegata PLRS e coordinatrice del gruppo di lavoro Ambiente Territorio e Energia;<\/p>\n<\/div>\n<\/div>\n<div class=\"row-comps\">\n<div class=\"paragraph comps\">\n<p>\u2022 Christian Fini, consulente, consigliere comunale, Presidente della Sezione di Gravesano;<\/p>\n<\/div>\n<\/div>\n<div class=\"row-comps\">\n<div class=\"paragraph comps\">\n<p>\u2022 Dario Gabella, imprenditore ed economista aziendale, gi\u00e0 candidato al Gran Consiglio;<\/p>\n<\/div>\n<\/div>\n<div class=\"row-comps\">\n<div class=\"paragraph comps\">\n<p>\u2022 Marzio Mazzoleni, fiduciario immobiliare, musicista, consigliere comunale, presidente del Circolo di Vezia;<\/p>\n<\/div>\n<\/div>\n<div class=\"row-comps\">\n<div class=\"paragraph comps\">\n<p>\u2022 Hamos Meneghelli, architetto, consigliere comunale, presidente della Sezione di Capriasca;<\/p>\n<\/div>\n<\/div>\n<div class=\"row-comps\">\n<div class=\"paragraph comps\">\n<p>\u2022 Matteo Quadranti, avvocato e notaio, Granconsigliere, gi\u00e0 municipale di Balerna;<\/p>\n<\/div>\n<\/div>\n<div class=\"row-comps\">\n<div class=\"paragraph comps\">\n<p>\u2022 Niccol\u00f2 Salvioni, avvocato e notaio, gi\u00e0 municipale di Locarno e gi\u00e0 candidato al Gran Consiglio.<\/p>\n<\/div>\n<\/div>\n<div class=\"row-comps\">\n<h2 class=\"comps header\">GLI OBIETTIVI<\/h2>\n<\/div>\n<div class=\"row-comps\">\n<div class=\"paragraph comps\">\n<p>Con la presentazione della lista LEA, il PLRT intende concretizzare la sua offensiva liberale. Come aveva anticipato il Presidente Alessandro Speziali al Comitato cantonale lo scorso maggio, si tratta di un\u2019idea che nasce dalla base del partito e che riscontra entusiasmo poich\u00e9 \u201ccompleta e rafforza il profilo del Partito e risponde a una vera priorit\u00e0, importante oggi e fondamentale per le giovani generazioni\u201d.<\/p>\n<\/div>\n<\/div>\n<div class=\"row-comps\">\n<h2 class=\"comps header\">LA LISTA PRINCIPALE<\/h2>\n<\/div>\n<div class=\"row-comps\">\n<div class=\"paragraph comps\">\n<p>La lista LEA si affianca dunque alla\u00a0<a href=\"https:\/\/www.ticinonews.ch\/elezioni-federali\/federali-ecco-i-candidati-del-plr-379113\">lista principale del PLR<\/a>, composta da Moreno Colombo, Felice Dafond, Alex Farinelli, Natalia Ferrara, Alessandra Gianella, Simone Gianini, Paolo Morel e Giovanna Viscardi.<\/p>\n<\/div>\n<\/div>\n<\/div>\n","protected":false},"excerpt":{"rendered":"<p>&nbsp; Oltra alla lista principale, il PLRT ha deciso di proporre una sotto-lista con candidati che pongono particolare attenzione sull&#8217;ambiente ed energia. Ecco chi sono. Si chiama lista LEA (libert\u00e0, energia, ambiente) ed \u00e8 una lista sotto-congiunta che &#8220;rafforza e supporta&#8221; quella principale del PLR in corsa per il Consiglio nazionale. \u00c8 stata presentata questa&hellip;<\/p>\n","protected":false},"author":3,"featured_media":1004,"comment_status":"open","ping_status":"open","sticky":false,"template":"","format":"standard","meta":{"footnotes":""},"categories":[4],"tags":[11],"class_list":["post-1003","post","type-post","status-publish","format-standard","has-post-thumbnail","hentry","category-news","tag-proprietaridellanostraenergia","category-4","description-off"],"_links":{"self":[{"href":"https:\/\/christianfini.ch\/index.php\/wp-json\/wp\/v2\/posts\/1003","targetHints":{"allow":["GET"]}}],"collection":[{"href":"https:\/\/christianfini.ch\/index.php\/wp-json\/wp\/v2\/posts"}],"about":[{"href":"https:\/\/christianfini.ch\/index.php\/wp-json\/wp\/v2\/types\/post"}],"author":[{"embeddable":true,"href":"https:\/\/christianfini.ch\/index.php\/wp-json\/wp\/v2\/users\/3"}],"replies":[{"embeddable":true,"href":"https:\/\/christianfini.ch\/index.php\/wp-json\/wp\/v2\/comments?post=1003"}],"version-history":[{"count":2,"href":"https:\/\/christianfini.ch\/index.php\/wp-json\/wp\/v2\/posts\/1003\/revisions"}],"predecessor-version":[{"id":1006,"href":"https:\/\/christianfini.ch\/index.php\/wp-json\/wp\/v2\/posts\/1003\/revisions\/1006"}],"wp:featuredmedia":[{"embeddable":true,"href":"https:\/\/christianfini.ch\/index.php\/wp-json\/wp\/v2\/media\/1004"}],"wp:attachment":[{"href":"https:\/\/christianfini.ch\/index.php\/wp-json\/wp\/v2\/media?parent=1003"}],"wp:term":[{"taxonomy":"category","embeddable":true,"href":"https:\/\/christianfini.ch\/index.php\/wp-json\/wp\/v2\/categories?post=1003"},{"taxonomy":"post_tag","embeddable":true,"href":"https:\/\/christianfini.ch\/index.php\/wp-json\/wp\/v2\/tags?post=1003"}],"curies":[{"name":"wp","href":"https:\/\/api.w.org\/{rel}","templated":true}]}}